{"id":1633,"date":"2021-04-29T17:57:28","date_gmt":"2021-04-29T16:57:28","guid":{"rendered":"https:\/\/sport21.com\/sin-categorizar\/campeonato-italiano-gt-2021\/"},"modified":"2021-04-30T16:35:45","modified_gmt":"2021-04-30T15:35:45","slug":"campeonato-italiano-gt-2021","status":"publish","type":"post","link":"https:\/\/sport21.com\/es\/noticias\/campeonato-italiano-gt-2021\/","title":{"rendered":"Campeonato Italiano GT 2021"},"content":{"rendered":"<h2 style=\"text-align: justify;\">Scuderia Ravetto &amp; Ruberti confirman su entrada para el Campeonato Italiano GT 2021, con la participaci\u00f3n de Paolo Ruberti y Manfredi Ravetto.<\/h2>\n<p style=\"text-align: justify;\">SR &amp; R. &#8211; Scuderia Ravetto &amp; Ruberti srl confirma su entrada con una clase Ferrari 488 Challenge EVO-GT Cup en el Campeonato Italiano GT 2021. Ambos est\u00e1n en las series Sprint y Endurance y se enorgullecen de anunciar la alineaci\u00f3n de los pilotos de la siguiente manera: Luca Demarchi (ya campe\u00f3n italiano de GT-Light en 2016 y vicecampe\u00f3n de GT-Cup en 2020 con SR &amp; R. y clase ganador a las 6h de Roma) y Nicholas Risitano (graduado de Nascar Euroseries y ya campe\u00f3n italiano-europeo de karting). Compartir\u00e1n duites de conducci\u00f3n en la serie Sprint, mientras que a Demarchi y Risitano se les unir\u00e1 Edoardo Barbolini (piloto experimentado de turismos que gan\u00f3 Coppa Italia TCR) en la serie Endurance.<\/p>\n<p style=\"text-align: justify;\">Paolo Ruberti: <em>&#8220;Estamos bastante satisfechos con lo que logramos el a\u00f1o pasado en nuestra temporada de novatos de GT italianos, pero aunque estuvimos varias veces en el podio, nos perdimos la victoria: despu\u00e9s de haber demostrado en las 6h de Roma que podemos ganar, intentaremos marcar la caja con la tripulaci\u00f3n que seleccionamos por su s\u00f3lido desempe\u00f1o; nuestros conductores siempre pueden confiar tanto en la experiencia de Manfred como en la m\u00eda &#8220;.<\/em><\/p>\n<p style=\"text-align: justify;\">Manfredi Ravetto: <em>&#8220;Nuestro agradecimiento a AciSport por organizar una vez m\u00e1s un campeonato de alto nivel en tiempos dif\u00edciles. SR &amp; R. sigue creciendo paso a paso y redobla sus esfuerzos para afirmarse como una familia (con Gianfranco Fantuzzi confirmado como responsable del lado deportivo y operativo como as\u00ed como Alex Frassen confirm\u00f3 a cargo del lado t\u00e9cnico) que selecciona y cuida a los talentos, prepar\u00e1ndolos para programas m\u00e1s exigentes &#8220;.<\/em><\/p>\n<p style=\"text-align: center;\"><strong>Utilice el siguiente formulario para contactarnos y dar el primer paso para comprender el<a href=\"https:\/\/sport21.com\/what-we-do\/\" target=\"_blank\" rel=\"noopener\"> oportunidades con las que podemos conectarte<\/a> . Consideramos que estas son plataformas de \u00e9xito que realmente pueden conducir a posiciones en el podio.<\/strong><\/p>\n","protected":false},"excerpt":{"rendered":"<p>Scuderia Ravetto &amp; Ruberti confirman su entrada para el Campeonato Italiano GT 2021, con la participaci\u00f3n de Paolo Ruberti y Manfredi Ravetto.<\/p>\n","protected":false},"author":2,"featured_media":1656,"comment_status":"closed","ping_status":"closed","sticky":false,"template":"","format":"standard","meta":{"_acf_changed":false,"footnotes":""},"categories":[301],"tags":[336,375,356,326,329,364,339,343,381,350],"class_list":["post-1633","post","type-post","status-publish","format-standard","has-post-thumbnail","hentry","category-noticias","tag-agencia-de-deportes-de-motor","tag-campeonato-italiano-gt","tag-campeonato-italiano-gt-2021","tag-deporte-21-es","tag-deporte21","tag-italiano-gt","tag-manfredi-ravetto-es","tag-noticias-de-automovilismo","tag-paolo-ruberti-es","tag-scuderia-ravetto-y-ruberti"],"acf":[],"yoast_head":"<!-- This site is optimized with the Yoast SEO plugin v27.5 - https:\/\/yoast.com\/product\/yoast-seo-wordpress\/ -->\n<title>Campeonato Italiano GT 2021 | Noticias de Sport21 Motorsport<\/title>\n<meta name=\"description\" content=\"Scuderia Ravetto &amp; Ruberti confirman su entrada para el Campeonato Italiano GT 2021, con la participaci\u00f3n de Paolo Ruberti y Manfredi Ravetto.\" \/>\n<meta name=\"robots\" content=\"index, follow, max-snippet:-1, max-image-preview:large, max-video-preview:-1\" \/>\n<link rel=\"canonical\" href=\"https:\/\/sport21.com\/es\/noticias\/campeonato-italiano-gt-2021\/\" \/>\n<meta property=\"og:locale\" content=\"es_ES\" \/>\n<meta property=\"og:type\" content=\"article\" \/>\n<meta property=\"og:title\" content=\"Campeonato Italiano GT 2021 | Noticias de Sport21 Motorsport\" \/>\n<meta property=\"og:description\" content=\"Scuderia Ravetto &amp; Ruberti confirman su entrada para el Campeonato Italiano GT 2021, con la participaci\u00f3n de Paolo Ruberti y Manfredi Ravetto.\" \/>\n<meta property=\"og:url\" content=\"https:\/\/sport21.com\/es\/noticias\/campeonato-italiano-gt-2021\/\" \/>\n<meta property=\"og:site_name\" content=\"Sport 21\" \/>\n<meta property=\"article:published_time\" content=\"2021-04-29T16:57:28+00:00\" \/>\n<meta property=\"article:modified_time\" content=\"2021-04-30T15:35:45+00:00\" \/>\n<meta property=\"og:image\" content=\"https:\/\/sport21.com\/wp\/wp-content\/uploads\/2021\/04\/20210402_130947-e1617367778501.jpg\" \/>\n\t<meta property=\"og:image:width\" content=\"4000\" \/>\n\t<meta property=\"og:image:height\" content=\"2030\" \/>\n\t<meta property=\"og:image:type\" content=\"image\/jpeg\" \/>\n<meta name=\"author\" content=\"JM Littman\" \/>\n<meta name=\"twitter:card\" content=\"summary_large_image\" \/>\n<meta name=\"twitter:label1\" content=\"Written by\" \/>\n\t<meta name=\"twitter:data1\" content=\"JM Littman\" \/>\n\t<meta name=\"twitter:label2\" content=\"Est. reading time\" \/>\n\t<meta name=\"twitter:data2\" content=\"2 minutes\" \/>\n<script type=\"application\/ld+json\" class=\"yoast-schema-graph\">{\"@context\":\"https:\\\/\\\/schema.org\",\"@graph\":[{\"@type\":\"Article\",\"@id\":\"https:\\\/\\\/sport21.com\\\/es\\\/noticias\\\/campeonato-italiano-gt-2021\\\/#article\",\"isPartOf\":{\"@id\":\"https:\\\/\\\/sport21.com\\\/es\\\/noticias\\\/campeonato-italiano-gt-2021\\\/\"},\"author\":{\"name\":\"JM Littman\",\"@id\":\"https:\\\/\\\/sport21.com\\\/#\\\/schema\\\/person\\\/8f301ce6ace6ff6e222bc9061f379713\"},\"headline\":\"Campeonato Italiano GT 2021\",\"datePublished\":\"2021-04-29T16:57:28+00:00\",\"dateModified\":\"2021-04-30T15:35:45+00:00\",\"mainEntityOfPage\":{\"@id\":\"https:\\\/\\\/sport21.com\\\/es\\\/noticias\\\/campeonato-italiano-gt-2021\\\/\"},\"wordCount\":337,\"image\":{\"@id\":\"https:\\\/\\\/sport21.com\\\/es\\\/noticias\\\/campeonato-italiano-gt-2021\\\/#primaryimage\"},\"thumbnailUrl\":\"https:\\\/\\\/sport21.com\\\/wp\\\/wp-content\\\/uploads\\\/2021\\\/04\\\/20210402_130947-e1617367778501.jpg\",\"keywords\":[\"agencia de deportes de motor\",\"campeonato italiano gt\",\"Campeonato italiano gt 2021\",\"deporte 21\",\"deporte21\",\"italiano gt\",\"manfredi ravetto\",\"noticias de automovilismo\",\"paolo ruberti\",\"scuderia ravetto y ruberti\"],\"articleSection\":[\"Noticias\"],\"inLanguage\":\"es-ES\"},{\"@type\":\"WebPage\",\"@id\":\"https:\\\/\\\/sport21.com\\\/es\\\/noticias\\\/campeonato-italiano-gt-2021\\\/\",\"url\":\"https:\\\/\\\/sport21.com\\\/es\\\/noticias\\\/campeonato-italiano-gt-2021\\\/\",\"name\":\"Campeonato Italiano GT 2021 | Noticias de Sport21 Motorsport\",\"isPartOf\":{\"@id\":\"https:\\\/\\\/sport21.com\\\/#website\"},\"primaryImageOfPage\":{\"@id\":\"https:\\\/\\\/sport21.com\\\/es\\\/noticias\\\/campeonato-italiano-gt-2021\\\/#primaryimage\"},\"image\":{\"@id\":\"https:\\\/\\\/sport21.com\\\/es\\\/noticias\\\/campeonato-italiano-gt-2021\\\/#primaryimage\"},\"thumbnailUrl\":\"https:\\\/\\\/sport21.com\\\/wp\\\/wp-content\\\/uploads\\\/2021\\\/04\\\/20210402_130947-e1617367778501.jpg\",\"datePublished\":\"2021-04-29T16:57:28+00:00\",\"dateModified\":\"2021-04-30T15:35:45+00:00\",\"author\":{\"@id\":\"https:\\\/\\\/sport21.com\\\/#\\\/schema\\\/person\\\/8f301ce6ace6ff6e222bc9061f379713\"},\"description\":\"Scuderia Ravetto & Ruberti confirman su entrada para el Campeonato Italiano GT 2021, con la participaci\u00f3n de Paolo Ruberti y Manfredi Ravetto.\",\"breadcrumb\":{\"@id\":\"https:\\\/\\\/sport21.com\\\/es\\\/noticias\\\/campeonato-italiano-gt-2021\\\/#breadcrumb\"},\"inLanguage\":\"es-ES\",\"potentialAction\":[{\"@type\":\"ReadAction\",\"target\":[\"https:\\\/\\\/sport21.com\\\/es\\\/noticias\\\/campeonato-italiano-gt-2021\\\/\"]}]},{\"@type\":\"ImageObject\",\"inLanguage\":\"es-ES\",\"@id\":\"https:\\\/\\\/sport21.com\\\/es\\\/noticias\\\/campeonato-italiano-gt-2021\\\/#primaryimage\",\"url\":\"https:\\\/\\\/sport21.com\\\/wp\\\/wp-content\\\/uploads\\\/2021\\\/04\\\/20210402_130947-e1617367778501.jpg\",\"contentUrl\":\"https:\\\/\\\/sport21.com\\\/wp\\\/wp-content\\\/uploads\\\/2021\\\/04\\\/20210402_130947-e1617367778501.jpg\",\"width\":4000,\"height\":2030,\"caption\":\"Campeonato italiano gt 2021\"},{\"@type\":\"BreadcrumbList\",\"@id\":\"https:\\\/\\\/sport21.com\\\/es\\\/noticias\\\/campeonato-italiano-gt-2021\\\/#breadcrumb\",\"itemListElement\":[{\"@type\":\"ListItem\",\"position\":1,\"name\":\"Home\",\"item\":\"https:\\\/\\\/sport21.com\\\/es\\\/\"},{\"@type\":\"ListItem\",\"position\":2,\"name\":\"Campeonato Italiano GT 2021\"}]},{\"@type\":\"WebSite\",\"@id\":\"https:\\\/\\\/sport21.com\\\/#website\",\"url\":\"https:\\\/\\\/sport21.com\\\/\",\"name\":\"Sport 21\",\"description\":\"A motorsport agency designed to support you in winning both on the track and off it\",\"potentialAction\":[{\"@type\":\"SearchAction\",\"target\":{\"@type\":\"EntryPoint\",\"urlTemplate\":\"https:\\\/\\\/sport21.com\\\/?s={search_term_string}\"},\"query-input\":{\"@type\":\"PropertyValueSpecification\",\"valueRequired\":true,\"valueName\":\"search_term_string\"}}],\"inLanguage\":\"es-ES\"},{\"@type\":\"Person\",\"@id\":\"https:\\\/\\\/sport21.com\\\/#\\\/schema\\\/person\\\/8f301ce6ace6ff6e222bc9061f379713\",\"name\":\"JM Littman\",\"image\":{\"@type\":\"ImageObject\",\"inLanguage\":\"es-ES\",\"@id\":\"https:\\\/\\\/secure.gravatar.com\\\/avatar\\\/9ddc803225f92128c08d3418d8615f503240cd55a450ca747579cdb6892680c7?s=96&d=mm&r=g\",\"url\":\"https:\\\/\\\/secure.gravatar.com\\\/avatar\\\/9ddc803225f92128c08d3418d8615f503240cd55a450ca747579cdb6892680c7?s=96&d=mm&r=g\",\"contentUrl\":\"https:\\\/\\\/secure.gravatar.com\\\/avatar\\\/9ddc803225f92128c08d3418d8615f503240cd55a450ca747579cdb6892680c7?s=96&d=mm&r=g\",\"caption\":\"JM Littman\"},\"url\":\"https:\\\/\\\/sport21.com\\\/es\\\/author\\\/jm-littman\\\/\"}]}<\/script>\n<!-- \/ Yoast SEO plugin. -->","yoast_head_json":{"title":"Campeonato Italiano GT 2021 | Noticias de Sport21 Motorsport","description":"Scuderia Ravetto & Ruberti confirman su entrada para el Campeonato Italiano GT 2021, con la participaci\u00f3n de Paolo Ruberti y Manfredi Ravetto.","robots":{"index":"index","follow":"follow","max-snippet":"max-snippet:-1","max-image-preview":"max-image-preview:large","max-video-preview":"max-video-preview:-1"},"canonical":"https:\/\/sport21.com\/es\/noticias\/campeonato-italiano-gt-2021\/","og_locale":"es_ES","og_type":"article","og_title":"Campeonato Italiano GT 2021 | Noticias de Sport21 Motorsport","og_description":"Scuderia Ravetto & Ruberti confirman su entrada para el Campeonato Italiano GT 2021, con la participaci\u00f3n de Paolo Ruberti y Manfredi Ravetto.","og_url":"https:\/\/sport21.com\/es\/noticias\/campeonato-italiano-gt-2021\/","og_site_name":"Sport 21","article_published_time":"2021-04-29T16:57:28+00:00","article_modified_time":"2021-04-30T15:35:45+00:00","og_image":[{"width":4000,"height":2030,"url":"https:\/\/sport21.com\/wp\/wp-content\/uploads\/2021\/04\/20210402_130947-e1617367778501.jpg","type":"image\/jpeg"}],"author":"JM Littman","twitter_card":"summary_large_image","twitter_misc":{"Written by":"JM Littman","Est. reading time":"2 minutes"},"schema":{"@context":"https:\/\/schema.org","@graph":[{"@type":"Article","@id":"https:\/\/sport21.com\/es\/noticias\/campeonato-italiano-gt-2021\/#article","isPartOf":{"@id":"https:\/\/sport21.com\/es\/noticias\/campeonato-italiano-gt-2021\/"},"author":{"name":"JM Littman","@id":"https:\/\/sport21.com\/#\/schema\/person\/8f301ce6ace6ff6e222bc9061f379713"},"headline":"Campeonato Italiano GT 2021","datePublished":"2021-04-29T16:57:28+00:00","dateModified":"2021-04-30T15:35:45+00:00","mainEntityOfPage":{"@id":"https:\/\/sport21.com\/es\/noticias\/campeonato-italiano-gt-2021\/"},"wordCount":337,"image":{"@id":"https:\/\/sport21.com\/es\/noticias\/campeonato-italiano-gt-2021\/#primaryimage"},"thumbnailUrl":"https:\/\/sport21.com\/wp\/wp-content\/uploads\/2021\/04\/20210402_130947-e1617367778501.jpg","keywords":["agencia de deportes de motor","campeonato italiano gt","Campeonato italiano gt 2021","deporte 21","deporte21","italiano gt","manfredi ravetto","noticias de automovilismo","paolo ruberti","scuderia ravetto y ruberti"],"articleSection":["Noticias"],"inLanguage":"es-ES"},{"@type":"WebPage","@id":"https:\/\/sport21.com\/es\/noticias\/campeonato-italiano-gt-2021\/","url":"https:\/\/sport21.com\/es\/noticias\/campeonato-italiano-gt-2021\/","name":"Campeonato Italiano GT 2021 | Noticias de Sport21 Motorsport","isPartOf":{"@id":"https:\/\/sport21.com\/#website"},"primaryImageOfPage":{"@id":"https:\/\/sport21.com\/es\/noticias\/campeonato-italiano-gt-2021\/#primaryimage"},"image":{"@id":"https:\/\/sport21.com\/es\/noticias\/campeonato-italiano-gt-2021\/#primaryimage"},"thumbnailUrl":"https:\/\/sport21.com\/wp\/wp-content\/uploads\/2021\/04\/20210402_130947-e1617367778501.jpg","datePublished":"2021-04-29T16:57:28+00:00","dateModified":"2021-04-30T15:35:45+00:00","author":{"@id":"https:\/\/sport21.com\/#\/schema\/person\/8f301ce6ace6ff6e222bc9061f379713"},"description":"Scuderia Ravetto & Ruberti confirman su entrada para el Campeonato Italiano GT 2021, con la participaci\u00f3n de Paolo Ruberti y Manfredi Ravetto.","breadcrumb":{"@id":"https:\/\/sport21.com\/es\/noticias\/campeonato-italiano-gt-2021\/#breadcrumb"},"inLanguage":"es-ES","potentialAction":[{"@type":"ReadAction","target":["https:\/\/sport21.com\/es\/noticias\/campeonato-italiano-gt-2021\/"]}]},{"@type":"ImageObject","inLanguage":"es-ES","@id":"https:\/\/sport21.com\/es\/noticias\/campeonato-italiano-gt-2021\/#primaryimage","url":"https:\/\/sport21.com\/wp\/wp-content\/uploads\/2021\/04\/20210402_130947-e1617367778501.jpg","contentUrl":"https:\/\/sport21.com\/wp\/wp-content\/uploads\/2021\/04\/20210402_130947-e1617367778501.jpg","width":4000,"height":2030,"caption":"Campeonato italiano gt 2021"},{"@type":"BreadcrumbList","@id":"https:\/\/sport21.com\/es\/noticias\/campeonato-italiano-gt-2021\/#breadcrumb","itemListElement":[{"@type":"ListItem","position":1,"name":"Home","item":"https:\/\/sport21.com\/es\/"},{"@type":"ListItem","position":2,"name":"Campeonato Italiano GT 2021"}]},{"@type":"WebSite","@id":"https:\/\/sport21.com\/#website","url":"https:\/\/sport21.com\/","name":"Sport 21","description":"A motorsport agency designed to support you in winning both on the track and off it","potentialAction":[{"@type":"SearchAction","target":{"@type":"EntryPoint","urlTemplate":"https:\/\/sport21.com\/?s={search_term_string}"},"query-input":{"@type":"PropertyValueSpecification","valueRequired":true,"valueName":"search_term_string"}}],"inLanguage":"es-ES"},{"@type":"Person","@id":"https:\/\/sport21.com\/#\/schema\/person\/8f301ce6ace6ff6e222bc9061f379713","name":"JM Littman","image":{"@type":"ImageObject","inLanguage":"es-ES","@id":"https:\/\/secure.gravatar.com\/avatar\/9ddc803225f92128c08d3418d8615f503240cd55a450ca747579cdb6892680c7?s=96&d=mm&r=g","url":"https:\/\/secure.gravatar.com\/avatar\/9ddc803225f92128c08d3418d8615f503240cd55a450ca747579cdb6892680c7?s=96&d=mm&r=g","contentUrl":"https:\/\/secure.gravatar.com\/avatar\/9ddc803225f92128c08d3418d8615f503240cd55a450ca747579cdb6892680c7?s=96&d=mm&r=g","caption":"JM Littman"},"url":"https:\/\/sport21.com\/es\/author\/jm-littman\/"}]}},"_links":{"self":[{"href":"https:\/\/sport21.com\/es\/wp-json\/wp\/v2\/posts\/1633","targetHints":{"allow":["GET"]}}],"collection":[{"href":"https:\/\/sport21.com\/es\/wp-json\/wp\/v2\/posts"}],"about":[{"href":"https:\/\/sport21.com\/es\/wp-json\/wp\/v2\/types\/post"}],"author":[{"embeddable":true,"href":"https:\/\/sport21.com\/es\/wp-json\/wp\/v2\/users\/2"}],"replies":[{"embeddable":true,"href":"https:\/\/sport21.com\/es\/wp-json\/wp\/v2\/comments?post=1633"}],"version-history":[{"count":1,"href":"https:\/\/sport21.com\/es\/wp-json\/wp\/v2\/posts\/1633\/revisions"}],"predecessor-version":[{"id":1903,"href":"https:\/\/sport21.com\/es\/wp-json\/wp\/v2\/posts\/1633\/revisions\/1903"}],"wp:featuredmedia":[{"embeddable":true,"href":"https:\/\/sport21.com\/es\/wp-json\/wp\/v2\/media\/1656"}],"wp:attachment":[{"href":"https:\/\/sport21.com\/es\/wp-json\/wp\/v2\/media?parent=1633"}],"wp:term":[{"taxonomy":"category","embeddable":true,"href":"https:\/\/sport21.com\/es\/wp-json\/wp\/v2\/categories?post=1633"},{"taxonomy":"post_tag","embeddable":true,"href":"https:\/\/sport21.com\/es\/wp-json\/wp\/v2\/tags?post=1633"}],"curies":[{"name":"wp","href":"https:\/\/api.w.org\/{rel}","templated":true}]}}